{"id":1175,"date":"2022-09-13T12:47:26","date_gmt":"2022-09-13T10:47:26","guid":{"rendered":"http:\/\/reitverein-hechtsheim.de\/?p=1175"},"modified":"2023-03-11T09:11:04","modified_gmt":"2023-03-11T08:11:04","slug":"nach-3-jahrzehnten-herr-kerz-und-herr-hecker-geben-die-zuegel-aus-der-hand-wir-danken-ihnen-fuer-ihren-einsatz-und-wuenschen-ihnen-alles-gute","status":"publish","type":"post","link":"http:\/\/reitverein-hechtsheim.de\/?p=1175","title":{"rendered":"Nach 3 Jahrzehnten: Herr Kerz und Herr Hecker geben die Z\u00fcgel aus der Hand. Wir danken Ihnen f\u00fcr Ihren Einsatz und w\u00fcnschen Ihnen alles Gute!"},"content":{"rendered":"\n<p><a href=\"https:\/\/s.uicdn.com\/ooe\/viewer\/2.0.98\/viewer\/web\/viewer.html?file=from-parent-iframe&amp;locale=de-DE&amp;parent=https:\/\/ooviewer.gmx.net#page=1\"><\/a><\/p>\n\n\n\n<figure class=\"wp-block-image size-full\"><img loading=\"lazy\" decoding=\"async\" width=\"147\" height=\"207\" src=\"http:\/\/reitverein-hechtsheim.de\/wp-content\/uploads\/2022\/09\/image.png\" alt=\"\" class=\"wp-image-1176\"\/><\/figure>\n\n\n\n<p>Der Vorstand gibt die Z\u00fcgel in Frauenhand weiter \u2013 Frauenquote von 100 Prozent<br>In der diesj\u00e4hrigen Mitgliederversammlung des Reit- und Fahrvereins 1929 e.V. am 9. Juli 2022 wurden eine neue erste und zweite Vorsitzende des Vereins sowie eine neue Beisitzende gew\u00e4hlt. Die Z\u00fcgel wurden an drei Frauen weitergereicht, so dass der neue Vorstand ausschlie\u00dflich weiblich ist und damit eine Frauenquote erreicht hat, von der so mancher b\u00f6rsennotierte Konzern tr\u00e4umt.<br>Das Amt des ersten Vorsitzenden ging von Karl Kerz nach \u00fcber drei\u00dfig Jahren an Dr. Stephanie Helleberg \u00fcber, und das Amt des zweiten Vorsitzenden \u00fcbernahm Ariane M\u00fcller von Peter Hecker, welcher es seit acht Jahren innehatte. Das Amt des Beisitzers \u00fcbernahm Sarah Dengler als Nachfolgerin von Klaus-Gunther Hollmann.<br>Die Vereinsmitglieder dankten den anwesenden Herren Kerz und Hecker f\u00fcr ihre bisherigen<br>au\u00dferordentlichen Leistungen f\u00fcr den Verein. Karl Kerz trat im Alter von 14 Jahren in den Verein ein und war seit 1975 federf\u00fchrend f\u00fcr die umfangreiche Turnierorganisation zust\u00e4ndig. Von 1975 bis 1990 war er Turnierreitervertreter im Vorstand, und vertrat dann ab 1990 den Verein als erster Vorsitzender.<br>Peter Hecker trat 1985 in den Verein ein und wurde nach drei Jahren Gesch\u00e4ftsf\u00fchrer. Dieses Amt bekleidete er 30 Jahre lang, bis er 2018 zweiter Vorsitzender wurde.<br>Die Verdienste der beiden ehemaligen Vorsitzenden f\u00fcr den Verein sind sehr vielf\u00e4ltig. Neben dem hohen Arbeitseinsatz bei Veranstaltungen haben sie ganzj\u00e4hrig an zahlreichen Terminen mit \u00c4mtern, der Stadt Mainz, anderen Vereinen usw. teilgenommen und den Verein exzellent vertreten. Besonders hervorzuheben sind ihr Einsatz im Hinblick auf die Erstellung der Hindernisse f\u00fcr die Springturniere, von denen sehr viele bei Familie Kerz gebaut wurden, die Platzerweiterung und der Bau der Restauration sowie die Umsetzung der neuen Umz\u00e4unung des Platzes. F\u00fcr diese Umz\u00e4unung ging Peter Hecker sogar bis zum Innen-und-Sportministerium, um einen Zuschuss zu bekommen. Sie haben den Verein auch sicher durch die schwierige Corona-Zeit gesteuert und sogar die Mitgliederzahl gesteigert. <\/p>\n\n\n\n<p>Mit dem Generationenwechsel im Vorstand ist der Verein gut aufgestellt f\u00fcr die Zukunft. Die beiden scheidenden Vorsitzenden versprachen, ihr umfangreiches Wissen an ihre Nachfolgerinnen weiterzugeben und auch weiterhin mit Rat und Tat zur Seite zu stehen.<br>Wir nehmen sie beim Wort und kommen gerne auf dieses gro\u00dfz\u00fcgige Angebot zur\u00fcck.<\/p>\n\n\n\n<figure class=\"wp-block-gallery has-nested-images columns-default is-cropped wp-block-gallery-1 is-layout-flex wp-block-gallery-is-layout-flex\">\n<figure class=\"wp-block-image size-large\"><a href=\"http:\/\/reitverein-hechtsheim.de\/wp-content\/uploads\/2022\/09\/Alter-Vorstand-1.jpg\"><img loading=\"lazy\" decoding=\"async\" width=\"1024\" height=\"645\" data-id=\"1179\" src=\"http:\/\/reitverein-hechtsheim.de\/wp-content\/uploads\/2022\/09\/Alter-Vorstand-1-1024x645.jpg\" alt=\"\" class=\"wp-image-1179\" srcset=\"http:\/\/reitverein-hechtsheim.de\/wp-content\/uploads\/2022\/09\/Alter-Vorstand-1-1024x645.jpg 1024w, http:\/\/reitverein-hechtsheim.de\/wp-content\/uploads\/2022\/09\/Alter-Vorstand-1-300x189.jpg 300w, http:\/\/reitverein-hechtsheim.de\/wp-content\/uploads\/2022\/09\/Alter-Vorstand-1-768x484.jpg 768w, http:\/\/reitverein-hechtsheim.de\/wp-content\/uploads\/2022\/09\/Alter-Vorstand-1-1536x968.jpg 1536w, http:\/\/reitverein-hechtsheim.de\/wp-content\/uploads\/2022\/09\/Alter-Vorstand-1-476x300.jpg 476w, http:\/\/reitverein-hechtsheim.de\/wp-content\/uploads\/2022\/09\/Alter-Vorstand-1.jpg 2048w\" sizes=\"auto, (max-width: 1024px) 100vw, 1024px\" \/><\/a><figcaption class=\"wp-element-caption\">Der Vorstand mit den scheidenden Mitgliedern: von links: Christine Schlotthauer (Kasse), Barbara K\u00f6nig (Schriftf\u00fchrung), Peter Hecker (2. Vorsitz a.D.), Karl Kerz (1. Vorsitz a.D.), Sonja Lenz (Turnierreiter), Katharina Duvenbeck (Jugend), abwesend: Maike Goeldner (Freizeitreiter), Gunther Hollmann (Beisitz a.D.)<\/figcaption><\/figure>\n<\/figure>\n\n\n\n<figure class=\"wp-block-image size-large\"><a href=\"http:\/\/reitverein-hechtsheim.de\/wp-content\/uploads\/2022\/09\/Neuer-Vorstand-1.jpg\"><img loading=\"lazy\" decoding=\"async\" width=\"1024\" height=\"768\" src=\"http:\/\/reitverein-hechtsheim.de\/wp-content\/uploads\/2022\/09\/Neuer-Vorstand-1-1024x768.jpg\" alt=\"\" class=\"wp-image-1180\" srcset=\"http:\/\/reitverein-hechtsheim.de\/wp-content\/uploads\/2022\/09\/Neuer-Vorstand-1-1024x768.jpg 1024w, http:\/\/reitverein-hechtsheim.de\/wp-content\/uploads\/2022\/09\/Neuer-Vorstand-1-300x225.jpg 300w, http:\/\/reitverein-hechtsheim.de\/wp-content\/uploads\/2022\/09\/Neuer-Vorstand-1-768x576.jpg 768w, http:\/\/reitverein-hechtsheim.de\/wp-content\/uploads\/2022\/09\/Neuer-Vorstand-1-400x300.jpg 400w, http:\/\/reitverein-hechtsheim.de\/wp-content\/uploads\/2022\/09\/Neuer-Vorstand-1.jpg 1280w\" sizes=\"auto, (max-width: 1024px) 100vw, 1024px\" \/><\/a><figcaption class=\"wp-element-caption\">Der neue Vorstand: von links: Christine Schlotthauer (Kasse), Barbara K\u00f6nig (Schriftf\u00fchrung), Sarah Dengler (Beisitz), Sonja Lenz (Turnierreiter), Ariane M\u00fcller (2. Vorsitz), Katharina Duvenbeck (Jugend), Dr. Stephanie Helleberg (1. Vorsitz), abwesend: Maike Goeldner (Freizeitreiter)<\/figcaption><\/figure>\n","protected":false},"excerpt":{"rendered":"<p>Der Vorstand gibt die Z\u00fcgel in Frauenhand weiter \u2013 Frauenquote von 100 ProzentIn der diesj\u00e4hrigen Mitgliederversammlung des Reit- und Fahrvereins 1929 e.V. am 9. Juli 2022 wurden eine neue erste und zweite Vorsitzende des Vereins sowie eine neue Beisitzende gew\u00e4hlt. &hellip; <a href=\"http:\/\/reitverein-hechtsheim.de\/?p=1175\">Weiterlesen <span class=\"meta-nav\">&rarr;<\/span><\/a><\/p>\n","protected":false},"author":6,"featured_media":0,"comment_status":"open","ping_status":"open","sticky":false,"template":"","format":"standard","meta":{"footnotes":""},"categories":[1],"tags":[],"class_list":["post-1175","post","type-post","status-publish","format-standard","hentry","category-allgemein"],"_links":{"self":[{"href":"http:\/\/reitverein-hechtsheim.de\/index.php?rest_route=\/wp\/v2\/posts\/1175","targetHints":{"allow":["GET"]}}],"collection":[{"href":"http:\/\/reitverein-hechtsheim.de\/index.php?rest_route=\/wp\/v2\/posts"}],"about":[{"href":"http:\/\/reitverein-hechtsheim.de\/index.php?rest_route=\/wp\/v2\/types\/post"}],"author":[{"embeddable":true,"href":"http:\/\/reitverein-hechtsheim.de\/index.php?rest_route=\/wp\/v2\/users\/6"}],"replies":[{"embeddable":true,"href":"http:\/\/reitverein-hechtsheim.de\/index.php?rest_route=%2Fwp%2Fv2%2Fcomments&post=1175"}],"version-history":[{"count":5,"href":"http:\/\/reitverein-hechtsheim.de\/index.php?rest_route=\/wp\/v2\/posts\/1175\/revisions"}],"predecessor-version":[{"id":1246,"href":"http:\/\/reitverein-hechtsheim.de\/index.php?rest_route=\/wp\/v2\/posts\/1175\/revisions\/1246"}],"wp:attachment":[{"href":"http:\/\/reitverein-hechtsheim.de\/index.php?rest_route=%2Fwp%2Fv2%2Fmedia&parent=1175"}],"wp:term":[{"taxonomy":"category","embeddable":true,"href":"http:\/\/reitverein-hechtsheim.de\/index.php?rest_route=%2Fwp%2Fv2%2Fcategories&post=1175"},{"taxonomy":"post_tag","embeddable":true,"href":"http:\/\/reitverein-hechtsheim.de\/index.php?rest_route=%2Fwp%2Fv2%2Ftags&post=1175"}],"curies":[{"name":"wp","href":"https:\/\/api.w.org\/{rel}","templated":true}]}}