{"id":1229,"date":"2022-11-19T10:33:54","date_gmt":"2022-11-19T09:33:54","guid":{"rendered":"http:\/\/reitverein-hechtsheim.de\/?p=1229"},"modified":"2022-11-19T10:38:04","modified_gmt":"2022-11-19T09:38:04","slug":"projekfoerderung-im-rahmen-des-foerderprogramms-160-jahre-mbv-modern-nachhaltig-und-nah","status":"publish","type":"post","link":"http:\/\/reitverein-hechtsheim.de\/?p=1229","title":{"rendered":"Projekf\u00f6rderung im Rahmen des F\u00f6rderprogramms \u201e160 Jahre MBV \u2013 modern, nachhaltig und nah\u201c"},"content":{"rendered":"\n<figure class=\"wp-block-image size-large\"><a href=\"http:\/\/reitverein-hechtsheim.de\/wp-content\/uploads\/2022\/11\/MVB_Projekt.png\"><img loading=\"lazy\" decoding=\"async\" width=\"1024\" height=\"768\" src=\"http:\/\/reitverein-hechtsheim.de\/wp-content\/uploads\/2022\/11\/MVB_Projekt-1024x768.png\" alt=\"\" class=\"wp-image-1230\" srcset=\"http:\/\/reitverein-hechtsheim.de\/wp-content\/uploads\/2022\/11\/MVB_Projekt-1024x768.png 1024w, http:\/\/reitverein-hechtsheim.de\/wp-content\/uploads\/2022\/11\/MVB_Projekt-300x225.png 300w, http:\/\/reitverein-hechtsheim.de\/wp-content\/uploads\/2022\/11\/MVB_Projekt-768x576.png 768w, http:\/\/reitverein-hechtsheim.de\/wp-content\/uploads\/2022\/11\/MVB_Projekt-1536x1152.png 1536w, http:\/\/reitverein-hechtsheim.de\/wp-content\/uploads\/2022\/11\/MVB_Projekt-400x300.png 400w, http:\/\/reitverein-hechtsheim.de\/wp-content\/uploads\/2022\/11\/MVB_Projekt.png 1600w\" sizes=\"auto, (max-width: 1024px) 100vw, 1024px\" \/><\/a><figcaption class=\"wp-element-caption\">Unsere Bewerbung um eine F\u00f6rderung im Rahmen des F\u00f6rderprogramms \u201e160 Jahre MBV \u2013 modern, nachhaltig und nah\u201c war erfolgreich! Wir freuen uns sehr und bedanken uns herzlich bei der MVB f\u00fcr ihre Unterst\u00fctzung. Nun k\u00f6nnen wir mit der Gestaltung des Vereinsgel\u00e4ndes f\u00fcr Wildtiere als Beitrag zum Umweltschutz und der Artenvielfalt durch die Vereinsjugend beginnen und im Laufe der Zeit ausgestalten.<\/figcaption><\/figure>\n","protected":false},"excerpt":{"rendered":"","protected":false},"author":6,"featured_media":0,"comment_status":"closed","ping_status":"open","sticky":false,"template":"","format":"standard","meta":{"footnotes":""},"categories":[1],"tags":[11,10,12,13,14],"class_list":["post-1229","post","type-post","status-publish","format-standard","hentry","category-allgemein","tag-foerderung","tag-mvb","tag-projekt","tag-umweltschutz","tag-vereinsjugend"],"_links":{"self":[{"href":"http:\/\/reitverein-hechtsheim.de\/index.php?rest_route=\/wp\/v2\/posts\/1229","targetHints":{"allow":["GET"]}}],"collection":[{"href":"http:\/\/reitverein-hechtsheim.de\/index.php?rest_route=\/wp\/v2\/posts"}],"about":[{"href":"http:\/\/reitverein-hechtsheim.de\/index.php?rest_route=\/wp\/v2\/types\/post"}],"author":[{"embeddable":true,"href":"http:\/\/reitverein-hechtsheim.de\/index.php?rest_route=\/wp\/v2\/users\/6"}],"replies":[{"embeddable":true,"href":"http:\/\/reitverein-hechtsheim.de\/index.php?rest_route=%2Fwp%2Fv2%2Fcomments&post=1229"}],"version-history":[{"count":4,"href":"http:\/\/reitverein-hechtsheim.de\/index.php?rest_route=\/wp\/v2\/posts\/1229\/revisions"}],"predecessor-version":[{"id":1244,"href":"http:\/\/reitverein-hechtsheim.de\/index.php?rest_route=\/wp\/v2\/posts\/1229\/revisions\/1244"}],"wp:attachment":[{"href":"http:\/\/reitverein-hechtsheim.de\/index.php?rest_route=%2Fwp%2Fv2%2Fmedia&parent=1229"}],"wp:term":[{"taxonomy":"category","embeddable":true,"href":"http:\/\/reitverein-hechtsheim.de\/index.php?rest_route=%2Fwp%2Fv2%2Fcategories&post=1229"},{"taxonomy":"post_tag","embeddable":true,"href":"http:\/\/reitverein-hechtsheim.de\/index.php?rest_route=%2Fwp%2Fv2%2Ftags&post=1229"}],"curies":[{"name":"wp","href":"https:\/\/api.w.org\/{rel}","templated":true}]}}