{"id":1258,"date":"2023-04-05T10:03:03","date_gmt":"2023-04-05T08:03:03","guid":{"rendered":"http:\/\/reitverein-hechtsheim.de\/?p=1258"},"modified":"2023-04-05T10:03:03","modified_gmt":"2023-04-05T08:03:03","slug":"impressionen-bowle-verkauf-beim-fruehjahrserwachen-im-bachhof","status":"publish","type":"post","link":"http:\/\/reitverein-hechtsheim.de\/?p=1258","title":{"rendered":"Impressionen Bowle-Verkauf beim Fr\u00fchjahrserwachen im Bachhof"},"content":{"rendered":"\n<p>Als kleines Highlight haben unsere kleinen und gro\u00dfe G\u00e4ste unseren Stand mit Pferdebildern versch\u00f6nert! Danke daf\u00fcr und danke an alle Helfer sowie an die Veranstalter f\u00fcr die M\u00f6glichkeit, an dem Event teilzunehmen!<\/p>\n\n\n\n<figure class=\"wp-block-gallery has-nested-images columns-default is-cropped wp-block-gallery-1 is-layout-flex wp-block-gallery-is-layout-flex\">\n<figure class=\"wp-block-image size-large\"><a href=\"http:\/\/reitverein-hechtsheim.de\/wp-content\/uploads\/2023\/04\/Fruehjahrsbowle.jpeg\"><img loading=\"lazy\" decoding=\"async\" width=\"1024\" height=\"610\" data-id=\"1259\" src=\"http:\/\/reitverein-hechtsheim.de\/wp-content\/uploads\/2023\/04\/Fruehjahrsbowle-1024x610.jpeg\" alt=\"\" class=\"wp-image-1259\" srcset=\"http:\/\/reitverein-hechtsheim.de\/wp-content\/uploads\/2023\/04\/Fruehjahrsbowle-1024x610.jpeg 1024w, http:\/\/reitverein-hechtsheim.de\/wp-content\/uploads\/2023\/04\/Fruehjahrsbowle-300x179.jpeg 300w, http:\/\/reitverein-hechtsheim.de\/wp-content\/uploads\/2023\/04\/Fruehjahrsbowle-768x457.jpeg 768w, http:\/\/reitverein-hechtsheim.de\/wp-content\/uploads\/2023\/04\/Fruehjahrsbowle-1536x914.jpeg 1536w, http:\/\/reitverein-hechtsheim.de\/wp-content\/uploads\/2023\/04\/Fruehjahrsbowle-500x298.jpeg 500w, http:\/\/reitverein-hechtsheim.de\/wp-content\/uploads\/2023\/04\/Fruehjahrsbowle.jpeg 2048w\" sizes=\"auto, (max-width: 1024px) 100vw, 1024px\" \/><\/a><\/figure>\n<\/figure>\n\n\n\n<figure class=\"wp-block-gallery has-nested-images columns-default is-cropped wp-block-gallery-2 is-layout-flex wp-block-gallery-is-layout-flex\">\n<figure class=\"wp-block-image size-large\"><a href=\"http:\/\/reitverein-hechtsheim.de\/wp-content\/uploads\/2023\/04\/Emil.jpg\"><img loading=\"lazy\" decoding=\"async\" width=\"768\" height=\"1024\" data-id=\"1262\" src=\"http:\/\/reitverein-hechtsheim.de\/wp-content\/uploads\/2023\/04\/Emil-768x1024.jpg\" alt=\"\" class=\"wp-image-1262\" srcset=\"http:\/\/reitverein-hechtsheim.de\/wp-content\/uploads\/2023\/04\/Emil-768x1023.jpg 768w, http:\/\/reitverein-hechtsheim.de\/wp-content\/uploads\/2023\/04\/Emil-225x300.jpg 225w, http:\/\/reitverein-hechtsheim.de\/wp-content\/uploads\/2023\/04\/Emil-1153x1536.jpg 1153w, http:\/\/reitverein-hechtsheim.de\/wp-content\/uploads\/2023\/04\/Emil.jpg 1200w\" sizes=\"auto, (max-width: 768px) 100vw, 768px\" \/><\/a><\/figure>\n\n\n\n<figure class=\"wp-block-image size-large\"><a href=\"http:\/\/reitverein-hechtsheim.de\/wp-content\/uploads\/2023\/04\/FB-Bild2.jpg\"><img loading=\"lazy\" decoding=\"async\" width=\"948\" height=\"1024\" data-id=\"1263\" src=\"http:\/\/reitverein-hechtsheim.de\/wp-content\/uploads\/2023\/04\/FB-Bild2-948x1024.jpg\" alt=\"\" class=\"wp-image-1263\" srcset=\"http:\/\/reitverein-hechtsheim.de\/wp-content\/uploads\/2023\/04\/FB-Bild2-948x1024.jpg 948w, http:\/\/reitverein-hechtsheim.de\/wp-content\/uploads\/2023\/04\/FB-Bild2-278x300.jpg 278w, http:\/\/reitverein-hechtsheim.de\/wp-content\/uploads\/2023\/04\/FB-Bild2-768x830.jpg 768w, http:\/\/reitverein-hechtsheim.de\/wp-content\/uploads\/2023\/04\/FB-Bild2-1421x1536.jpg 1421w, http:\/\/reitverein-hechtsheim.de\/wp-content\/uploads\/2023\/04\/FB-Bild2.jpg 1895w\" sizes=\"auto, (max-width: 948px) 100vw, 948px\" \/><\/a><\/figure>\n\n\n\n<figure class=\"wp-block-image size-large\"><a href=\"http:\/\/reitverein-hechtsheim.de\/wp-content\/uploads\/2023\/04\/FB-Bild3.jpg\"><img loading=\"lazy\" decoding=\"async\" width=\"1024\" height=\"691\" data-id=\"1260\" src=\"http:\/\/reitverein-hechtsheim.de\/wp-content\/uploads\/2023\/04\/FB-Bild3-1024x691.jpg\" alt=\"\" class=\"wp-image-1260\" srcset=\"http:\/\/reitverein-hechtsheim.de\/wp-content\/uploads\/2023\/04\/FB-Bild3-1024x691.jpg 1024w, http:\/\/reitverein-hechtsheim.de\/wp-content\/uploads\/2023\/04\/FB-Bild3-300x203.jpg 300w, http:\/\/reitverein-hechtsheim.de\/wp-content\/uploads\/2023\/04\/FB-Bild3-768x519.jpg 768w, http:\/\/reitverein-hechtsheim.de\/wp-content\/uploads\/2023\/04\/FB-Bild3-1536x1037.jpg 1536w, http:\/\/reitverein-hechtsheim.de\/wp-content\/uploads\/2023\/04\/FB-Bild3-444x300.jpg 444w, http:\/\/reitverein-hechtsheim.de\/wp-content\/uploads\/2023\/04\/FB-Bild3.jpg 1755w\" sizes=\"auto, (max-width: 1024px) 100vw, 1024px\" \/><\/a><\/figure>\n\n\n\n<figure class=\"wp-block-image size-large\"><a href=\"http:\/\/reitverein-hechtsheim.de\/wp-content\/uploads\/2023\/04\/FB1.jpg\"><img loading=\"lazy\" decoding=\"async\" width=\"1024\" height=\"674\" data-id=\"1261\" src=\"http:\/\/reitverein-hechtsheim.de\/wp-content\/uploads\/2023\/04\/FB1-1024x674.jpg\" alt=\"\" class=\"wp-image-1261\" srcset=\"http:\/\/reitverein-hechtsheim.de\/wp-content\/uploads\/2023\/04\/FB1-1024x674.jpg 1024w, http:\/\/reitverein-hechtsheim.de\/wp-content\/uploads\/2023\/04\/FB1-300x197.jpg 300w, http:\/\/reitverein-hechtsheim.de\/wp-content\/uploads\/2023\/04\/FB1-768x506.jpg 768w, http:\/\/reitverein-hechtsheim.de\/wp-content\/uploads\/2023\/04\/FB1-1536x1011.jpg 1536w, http:\/\/reitverein-hechtsheim.de\/wp-content\/uploads\/2023\/04\/FB1-456x300.jpg 456w, http:\/\/reitverein-hechtsheim.de\/wp-content\/uploads\/2023\/04\/FB1.jpg 1852w\" sizes=\"auto, (max-width: 1024px) 100vw, 1024px\" \/><\/a><\/figure>\n\n\n\n<figure class=\"wp-block-image size-large\"><a href=\"http:\/\/reitverein-hechtsheim.de\/wp-content\/uploads\/2023\/04\/Frieda.jpg\"><img loading=\"lazy\" decoding=\"async\" width=\"1024\" height=\"768\" data-id=\"1264\" src=\"http:\/\/reitverein-hechtsheim.de\/wp-content\/uploads\/2023\/04\/Frieda-1024x768.jpg\" alt=\"\" class=\"wp-image-1264\" srcset=\"http:\/\/reitverein-hechtsheim.de\/wp-content\/uploads\/2023\/04\/Frieda-1024x768.jpg 1024w, http:\/\/reitverein-hechtsheim.de\/wp-content\/uploads\/2023\/04\/Frieda-300x225.jpg 300w, http:\/\/reitverein-hechtsheim.de\/wp-content\/uploads\/2023\/04\/Frieda-768x576.jpg 768w, http:\/\/reitverein-hechtsheim.de\/wp-content\/uploads\/2023\/04\/Frieda-1536x1153.jpg 1536w, http:\/\/reitverein-hechtsheim.de\/wp-content\/uploads\/2023\/04\/Frieda-400x300.jpg 400w, http:\/\/reitverein-hechtsheim.de\/wp-content\/uploads\/2023\/04\/Frieda.jpg 1599w\" sizes=\"auto, (max-width: 1024px) 100vw, 1024px\" \/><\/a><\/figure>\n<\/figure>\n","protected":false},"excerpt":{"rendered":"<p>Als kleines Highlight haben unsere kleinen und gro\u00dfe G\u00e4ste unseren Stand mit Pferdebildern versch\u00f6nert! Danke daf\u00fcr und danke an alle Helfer sowie an die Veranstalter f\u00fcr die M\u00f6glichkeit, an dem Event teilzunehmen!<\/p>\n","protected":false},"author":6,"featured_media":0,"comment_status":"closed","ping_status":"open","sticky":false,"template":"","format":"standard","meta":{"footnotes":""},"categories":[1],"tags":[],"class_list":["post-1258","post","type-post","status-publish","format-standard","hentry","category-allgemein"],"_links":{"self":[{"href":"http:\/\/reitverein-hechtsheim.de\/index.php?rest_route=\/wp\/v2\/posts\/1258","targetHints":{"allow":["GET"]}}],"collection":[{"href":"http:\/\/reitverein-hechtsheim.de\/index.php?rest_route=\/wp\/v2\/posts"}],"about":[{"href":"http:\/\/reitverein-hechtsheim.de\/index.php?rest_route=\/wp\/v2\/types\/post"}],"author":[{"embeddable":true,"href":"http:\/\/reitverein-hechtsheim.de\/index.php?rest_route=\/wp\/v2\/users\/6"}],"replies":[{"embeddable":true,"href":"http:\/\/reitverein-hechtsheim.de\/index.php?rest_route=%2Fwp%2Fv2%2Fcomments&post=1258"}],"version-history":[{"count":1,"href":"http:\/\/reitverein-hechtsheim.de\/index.php?rest_route=\/wp\/v2\/posts\/1258\/revisions"}],"predecessor-version":[{"id":1265,"href":"http:\/\/reitverein-hechtsheim.de\/index.php?rest_route=\/wp\/v2\/posts\/1258\/revisions\/1265"}],"wp:attachment":[{"href":"http:\/\/reitverein-hechtsheim.de\/index.php?rest_route=%2Fwp%2Fv2%2Fmedia&parent=1258"}],"wp:term":[{"taxonomy":"category","embeddable":true,"href":"http:\/\/reitverein-hechtsheim.de\/index.php?rest_route=%2Fwp%2Fv2%2Fcategories&post=1258"},{"taxonomy":"post_tag","embeddable":true,"href":"http:\/\/reitverein-hechtsheim.de\/index.php?rest_route=%2Fwp%2Fv2%2Ftags&post=1258"}],"curies":[{"name":"wp","href":"https:\/\/api.w.org\/{rel}","templated":true}]}}